{"id":2365,"date":"2016-05-06T06:12:03","date_gmt":"2016-05-06T06:12:03","guid":{"rendered":"http:\/\/marcyyu.com\/?p=2365"},"modified":"2021-09-11T04:16:16","modified_gmt":"2021-09-11T09:16:16","slug":"kura-design-villas-whales-tail-playa-uvita","status":"publish","type":"post","link":"https:\/\/marcyyu.com\/es\/kura-design-villas-whales-tail-playa-uvita\/","title":{"rendered":"The Whales Tail &#8211; Uvita, Costa Rica"},"content":{"rendered":"<p><a href=\"http:\/\/marcyyu.com\/wp-content\/uploads\/2016\/05\/MarcyYu_KuraDesignVillas_CostaRica13.jpg\"><img loading=\"lazy\" decoding=\"async\" class=\"pinit alignnone size-full wp-image-2335\" src=\"http:\/\/marcyyu.com\/wp-content\/uploads\/2016\/05\/MarcyYu_KuraDesignVillas_CostaRica13.jpg\" alt=\"MarcyYu_KuraDesignVillas_CostaRica13\" width=\"1000\" height=\"728\" srcset=\"https:\/\/marcyyu.com\/wp-content\/uploads\/2016\/05\/MarcyYu_KuraDesignVillas_CostaRica13.jpg 1000w, https:\/\/marcyyu.com\/wp-content\/uploads\/2016\/05\/MarcyYu_KuraDesignVillas_CostaRica13-768x559.jpg 768w\" sizes=\"auto, (max-width: 1000px) 100vw, 1000px\" \/><\/a><\/p>\n<p>Hello viajeros!! Por fin ya es Viernes y hoy vengo estrenando un nuevo post Yay!!<\/p>\n<p>Despu\u00e9s de nuestra visita en el Golfo de Papagayo nuestra pr\u00f3xima visita fue el famoso parque \u201cThe Whales Tail\u201d en Playa Uvita. \u00a0The Whales tail es la famosa cola de ballena situada cerca de la costa a lo largo de la costa del Pac\u00edfico Central en el sur de Puntarenas. Esta \u00e1rea en Costa Rica es biol\u00f3gicamente famosa por su exuberante vegetaci\u00f3n , la flora , la fauna y las monta\u00f1as que cubren la zona y caen en el oc\u00e9ano. Tambien\u00a0se compone de bosques de manglares, arrecifes de coral y playas v\u00edrgenes.<\/p>\n<p>En el parque emigran las ballenas entre agosto y noviembre (en direcci\u00f3n norte desde la Ant\u00e1rtida) y de diciembre a abril (en direcci\u00f3n sur desde Alaska), cada a\u00f1o. \u00a0El paisaje del Parque Nacional Marino Ballena var\u00eda dependiendo de la marea \u00a0ya que cuando la marea est\u00e1 baja, las personas podr\u00e1n pasear a Punta Uvita, que es lo que conforma la cola de la ballena. Esta es una de las formaciones m\u00e1s importantes y poco comunes de la tierra, por ende es un \u00abmust see\u00bb si alguno de ustedes llega a visitar Costa Rica.<\/p>\n<p>Para observar y apreciar bien la forma de la cola de ballena \u00a0de una manera mas clara realmente esta se puede observar solamente de partes altas de donde fueron tomadas la mayor\u00eda de mis fotos en <a href=\"http:\/\/www.kuracostarica.com\"><strong>Kura Design Villas<\/strong>.<\/a><\/p>\n<p><a href=\"http:\/\/www.kuracostarica.com\"><strong><span style=\"text-decoration: underline;\">Kura Design Villas<\/span><\/strong><\/a> es un Hotel Ecolodge de lujo que mezcla un excelente dise\u00f1o y conciencia ambiental perteneciente a la cadena de hoteles <strong><a href=\"http:\/\/www.cayugaonline.com\/\">Cayuga Collection Hotels and Lodges<\/a><\/strong>. \u00a0El arquitecto Martin Wells y la bi\u00f3loga Alejandra Uma\u00f1a fueron los responsable por esta gran obra maestra. Ambos mezclaron \u00a0sus visiones e inspiraciones con la personalizaci\u00f3n de su compromiso con la naturaleza y el arte en un entorno tropical extrema\u00a0 para crear <strong><a href=\"http:\/\/www.kuracostarica.com\">Kura Design Villas<\/a><\/strong>. \u00a0El dise\u00f1o del hotel es seductor , lujoso sin problemas que incorpora un sistema de sostenibilidad, conservaci\u00f3n de energ\u00eda, el desarrollo sostenible del agua y la gesti\u00f3n de residuos operan de la manera m\u00e1s natural y ambientalmente segura.<\/p>\n<p>Las habitaciones cada suite de <strong><a href=\"http:\/\/www.kuracostarica.com\">Kura<\/a><\/strong> fue dise\u00f1ada meticulosamente utilizando muebles, decoraciones y accesorios locales. La iluminaci\u00f3n caracter\u00edstica del estado de \u00e1nimo, duchas interiores- exteriores, techos altos \u00a0y un balc\u00f3n con vistas a la exuberante dosel valle Uvita\u00a0 es lo que hacen aun mas especial cada villa que ni ganas te dan de salir de la habitaci\u00f3n.<\/p>\n<p>La sorprendente historia o rumores que dicen del hotel acerca de ser un proyecto financiado con \u201cdinero de drogas\u201d me llamo mucho la atenci\u00f3n. Pero aclaraci\u00f3n es que es dinero de drogas visto de otra manera, mas bien para ser mas clara de las buenas drogas que salvan vidas.<\/p>\n<p>Para contarles un poco sobre esta historia los due\u00f1os de <span style=\"text-decoration: underline;\"><strong>Kura Design Villas<\/strong><\/span> son una joven pareja de costarricenses donde ambos ten\u00edan su sue\u00f1o de construir y ejecutar un peque\u00f1o hotel boutique que ser\u00eda un modelo de desarrollo sostenible en la regi\u00f3n . Fue pronto a ser posible con que el due\u00f1o tuvo \u00ab\u00e9xito\u00bb gracias a la industria de la droga cuando invirti\u00f3 en este gran proyecto.<\/p>\n<p>El propietario de Kura es el Jefe de Oncolog\u00eda e Investigaci\u00f3n de mol\u00e9culas en el centro de innovaci\u00f3n de Roche en Zurich , Suiza . Tiene un doctorado del Instituto de Tecnolog\u00eda de California y se considera \u00bb uno de los investigadores m\u00e1s dedicados y comprometidos de la \u00faltima d\u00e9cada \u00ab, seg\u00fan PharmaVoice, una revista comercial muy popular . \u00c9l y su equipo han hecho alguna investigaci\u00f3n de vanguardia que les permiti\u00f3 descubrir un anticuerpo dirigido contra el c\u00e1ncer (Gazyva ) para el tratamiento de la leucemia y el linfoma . Gazyva es el primer medicamento para ser aprobado en virtud de la nueva r\u00e9gimen de terapia muy importante dise\u00f1ado para acelerar la aprobaci\u00f3n de medicamentos prometedores en \u00e1reas de alta necesidad . As\u00ed que el propietario de Kura decidi\u00f3 invertir la indemnizaci\u00f3n que recibi\u00f3 por su trabajo en su natal Costa Rica y junto con los gerentes crearon un hotel boutique de lujo que tambi\u00e9n cumpli\u00f3 con los m\u00e1s altos criterios de sostenibilidad ambiental y responsabilidad corporativa. Lo cual los hizo unirse con el equipo de Cayuga Sustainable Hospitality y abrieron la operaci\u00f3n para los hu\u00e9spedes en noviembre de 2013. Los rumores sobre el dinero \u00abdrogas\u00bb murieron y la historia sobre el famoso qu\u00edmico e investigador en Suiza ha ido tomado el relevo.<\/p>\n<p>La comida y la atenci\u00f3n del hotel realmente fue asombrosa. La comida estaba exquisita y sin hablar de los cocktails que te preparan de pura fruta real y deliciosa. Ya se me hizo la boca agua con solo recordar los refrescantes jugos y cocktails que me preparaba el bartender a cada rato para darme aprobar su \u00abnuevo invento\u00bb \u00a0(yummy)<\/p>\n<p>Mi parte favorita de mi estad\u00eda en<a href=\"http:\/\/www.kuracostarica.com\"><strong> Kura<\/strong><\/a> fue \u00a0cuando Robert y yo llegamos a hacer los \u00fanicos hu\u00e9spedes del hotel por un d\u00eda. En serio no hab\u00eda nadie que hizo esta experiencia aun mas extraordinaria. A quien no le encantar\u00edas saber que tienes el hotel entero para ti sola no? Jiji<\/p>\n<p>Espero que hayan disfrutado de este post tanto como yo. Feliz fin de semana a todos!<\/p>\n<p>Love,<\/p>\n<p><a href=\"http:\/\/marcyyu.com\/wp-content\/uploads\/2016\/05\/MarcyYu_KuraDesign_Costarica3.jpg\"><img loading=\"lazy\" decoding=\"async\" class=\"pinit alignnone size-full wp-image-2337\" src=\"http:\/\/marcyyu.com\/wp-content\/uploads\/2016\/05\/MarcyYu_KuraDesign_Costarica3.jpg\" alt=\"MarcyYu_KuraDesign_Costarica3\" width=\"1000\" height=\"667\" srcset=\"https:\/\/marcyyu.com\/wp-content\/uploads\/2016\/05\/MarcyYu_KuraDesign_Costarica3.jpg 1000w, https:\/\/marcyyu.com\/wp-content\/uploads\/2016\/05\/MarcyYu_KuraDesign_Costarica3-768x512.jpg 768w\" sizes=\"auto, (max-width: 1000px) 100vw, 1000px\" \/><\/a><a href=\"http:\/\/marcyyu.com\/wp-content\/uploads\/2016\/05\/MarcyYu_KuraDesignVillas_CostaRica12.jpg\"><img loading=\"lazy\" decoding=\"async\" class=\"pinit alignnone size-full wp-image-2344\" src=\"http:\/\/marcyyu.com\/wp-content\/uploads\/2016\/05\/MarcyYu_KuraDesignVillas_CostaRica12.jpg\" alt=\"MarcyYu_KuraDesignVillas_CostaRica12\" width=\"1000\" height=\"739\" srcset=\"https:\/\/marcyyu.com\/wp-content\/uploads\/2016\/05\/MarcyYu_KuraDesignVillas_CostaRica12.jpg 1000w, https:\/\/marcyyu.com\/wp-content\/uploads\/2016\/05\/MarcyYu_KuraDesignVillas_CostaRica12-768x568.jpg 768w\" sizes=\"auto, (max-width: 1000px) 100vw, 1000px\" \/><\/a><a href=\"http:\/\/marcyyu.com\/wp-content\/uploads\/2016\/05\/MarcyYu_KuuraDesign_CostaRica1.jpg\"><img loading=\"lazy\" decoding=\"async\" class=\"pinit alignnone size-full wp-image-2339\" src=\"http:\/\/marcyyu.com\/wp-content\/uploads\/2016\/05\/MarcyYu_KuuraDesign_CostaRica1.jpg\" alt=\"MarcyYu_KuuraDesign_CostaRica1\" width=\"1000\" height=\"667\" srcset=\"https:\/\/marcyyu.com\/wp-content\/uploads\/2016\/05\/MarcyYu_KuuraDesign_CostaRica1.jpg 1000w, https:\/\/marcyyu.com\/wp-content\/uploads\/2016\/05\/MarcyYu_KuuraDesign_CostaRica1-768x512.jpg 768w\" sizes=\"auto, (max-width: 1000px) 100vw, 1000px\" \/><\/a><a href=\"http:\/\/marcyyu.com\/wp-content\/uploads\/2016\/05\/MarcyYu_KuraDesignVillas_Costarica22.jpg\"><img loading=\"lazy\" decoding=\"async\" class=\"pinit alignnone size-full wp-image-2354\" src=\"http:\/\/marcyyu.com\/wp-content\/uploads\/2016\/05\/MarcyYu_KuraDesignVillas_Costarica22.jpg\" alt=\"MarcyYu_KuraDesignVillas_Costarica22\" width=\"700\" height=\"933\" \/><\/a><a href=\"http:\/\/marcyyu.com\/wp-content\/uploads\/2016\/05\/MarcyYu_KuraDesignVillas_CostaRica8.jpg\"><img loading=\"lazy\" decoding=\"async\" class=\"pinit alignnone size-full wp-image-2341\" src=\"http:\/\/marcyyu.com\/wp-content\/uploads\/2016\/05\/MarcyYu_KuraDesignVillas_CostaRica8.jpg\" alt=\"MarcyYu_KuraDesignVillas_CostaRica8\" width=\"1000\" height=\"667\" srcset=\"https:\/\/marcyyu.com\/wp-content\/uploads\/2016\/05\/MarcyYu_KuraDesignVillas_CostaRica8.jpg 1000w, https:\/\/marcyyu.com\/wp-content\/uploads\/2016\/05\/MarcyYu_KuraDesignVillas_CostaRica8-768x512.jpg 768w\" sizes=\"auto, (max-width: 1000px) 100vw, 1000px\" \/><\/a><a href=\"http:\/\/marcyyu.com\/wp-content\/uploads\/2016\/05\/MarcyYu_KuraDesignVillas_CostaRica10.jpg\"><img loading=\"lazy\" decoding=\"async\" class=\"pinit alignnone size-full wp-image-2342\" src=\"http:\/\/marcyyu.com\/wp-content\/uploads\/2016\/05\/MarcyYu_KuraDesignVillas_CostaRica10.jpg\" alt=\"MarcyYu_KuraDesignVillas_CostaRica10\" width=\"1000\" height=\"717\" srcset=\"https:\/\/marcyyu.com\/wp-content\/uploads\/2016\/05\/MarcyYu_KuraDesignVillas_CostaRica10.jpg 1000w, https:\/\/marcyyu.com\/wp-content\/uploads\/2016\/05\/MarcyYu_KuraDesignVillas_CostaRica10-768x551.jpg 768w\" sizes=\"auto, (max-width: 1000px) 100vw, 1000px\" \/><\/a><a href=\"http:\/\/marcyyu.com\/wp-content\/uploads\/2016\/05\/MarcyYu_KuraDesign_Costarica61.jpg\"><img loading=\"lazy\" decoding=\"async\" class=\"pinit alignnone size-full wp-image-2349\" src=\"http:\/\/marcyyu.com\/wp-content\/uploads\/2016\/05\/MarcyYu_KuraDesign_Costarica61.jpg\" alt=\"MarcyYu_KuraDesign_Costarica6\" width=\"1000\" height=\"667\" srcset=\"https:\/\/marcyyu.com\/wp-content\/uploads\/2016\/05\/MarcyYu_KuraDesign_Costarica61.jpg 1000w, https:\/\/marcyyu.com\/wp-content\/uploads\/2016\/05\/MarcyYu_KuraDesign_Costarica61-768x512.jpg 768w\" sizes=\"auto, (max-width: 1000px) 100vw, 1000px\" \/><\/a><a href=\"http:\/\/marcyyu.com\/wp-content\/uploads\/2016\/05\/MarcyYu_KuraDesign_Costarica5.jpg\"><img loading=\"lazy\" decoding=\"async\" class=\"pinit alignnone size-full wp-image-2346\" src=\"http:\/\/marcyyu.com\/wp-content\/uploads\/2016\/05\/MarcyYu_KuraDesign_Costarica5.jpg\" alt=\"MarcyYu_KuraDesign_Costarica5\" width=\"1000\" height=\"667\" srcset=\"https:\/\/marcyyu.com\/wp-content\/uploads\/2016\/05\/MarcyYu_KuraDesign_Costarica5.jpg 1000w, https:\/\/marcyyu.com\/wp-content\/uploads\/2016\/05\/MarcyYu_KuraDesign_Costarica5-768x512.jpg 768w\" sizes=\"auto, (max-width: 1000px) 100vw, 1000px\" \/><\/a><a href=\"http:\/\/marcyyu.com\/wp-content\/uploads\/2016\/05\/MarcyYu_KuuraDesign_CostaRica2.jpg\"><img loading=\"lazy\" decoding=\"async\" class=\"pinit alignnone size-full wp-image-2343\" src=\"http:\/\/marcyyu.com\/wp-content\/uploads\/2016\/05\/MarcyYu_KuuraDesign_CostaRica2.jpg\" alt=\"MarcyYu_KuuraDesign_CostaRica2\" width=\"1000\" height=\"667\" srcset=\"https:\/\/marcyyu.com\/wp-content\/uploads\/2016\/05\/MarcyYu_KuuraDesign_CostaRica2.jpg 1000w, https:\/\/marcyyu.com\/wp-content\/uploads\/2016\/05\/MarcyYu_KuuraDesign_CostaRica2-768x512.jpg 768w\" sizes=\"auto, (max-width: 1000px) 100vw, 1000px\" \/><\/a><a href=\"http:\/\/marcyyu.com\/wp-content\/uploads\/2016\/05\/MarcyYu_KuraDesign_Costarica1.jpg\"><img loading=\"lazy\" decoding=\"async\" class=\"pinit alignnone size-full wp-image-2358\" src=\"http:\/\/marcyyu.com\/wp-content\/uploads\/2016\/05\/MarcyYu_KuraDesign_Costarica1.jpg\" alt=\"MarcyYu_KuraDesign_Costarica1\" width=\"1000\" height=\"667\" srcset=\"https:\/\/marcyyu.com\/wp-content\/uploads\/2016\/05\/MarcyYu_KuraDesign_Costarica1.jpg 1000w, https:\/\/marcyyu.com\/wp-content\/uploads\/2016\/05\/MarcyYu_KuraDesign_Costarica1-768x512.jpg 768w\" sizes=\"auto, (max-width: 1000px) 100vw, 1000px\" \/><\/a><a href=\"http:\/\/marcyyu.com\/wp-content\/uploads\/2016\/05\/MarcyYu_WhalesTail_CostaRica5.jpg\"><img loading=\"lazy\" decoding=\"async\" class=\"pinit alignnone size-full wp-image-2350\" src=\"http:\/\/marcyyu.com\/wp-content\/uploads\/2016\/05\/MarcyYu_WhalesTail_CostaRica5.jpg\" alt=\"MarcyYu_WhalesTail_CostaRica5\" width=\"1000\" height=\"667\" srcset=\"https:\/\/marcyyu.com\/wp-content\/uploads\/2016\/05\/MarcyYu_WhalesTail_CostaRica5.jpg 1000w, https:\/\/marcyyu.com\/wp-content\/uploads\/2016\/05\/MarcyYu_WhalesTail_CostaRica5-768x512.jpg 768w\" sizes=\"auto, (max-width: 1000px) 100vw, 1000px\" \/><\/a><\/p>\n<p>Look#1: Look de Hamaca<\/p>\n<p>Swim: Maaji Swimwear<\/p>\n<p>Lentes: Rayban<\/p>\n<p>Bolso y Sombrero: Mar y Sol<\/p>\n<p>Look#2:<\/p>\n<p>Top: Zara Collection<\/p>\n<p>Shorts: Cupcakes Shop &amp; Design<\/p>\n<p>Lentes: RayBan<\/p>\n<p>Look3: Purple Swim<\/p>\n<p>Swim: Billabong<\/p>","protected":false},"excerpt":{"rendered":"<p>Hello viajeros!! Por fin ya es Viernes y hoy vengo estrenando un nuevo post Yay!! Despu\u00e9s de nuestra visita en el Golfo de Papagayo nuestra pr\u00f3xima visita fue el famoso parque \u201cThe Whales Tail\u201d en Playa Uvita. \u00a0The Whales tail es la famosa cola de ballena situada cerca de la costa a lo largo de [&hellip;]<\/p>\n","protected":false},"author":1,"featured_media":2335,"comment_status":"open","ping_status":"closed","sticky":false,"template":"","format":"standard","meta":{"_acf_changed":false,"footnotes":""},"categories":[1,3],"tags":[312,313,33,229,314,315,308,316,309,227],"class_list":["post-2365","post","type-post","status-publish","format-standard","has-post-thumbnail","hentry","category-looks","category-travels","tag-cayuga-collection-hotels-and-lodges","tag-cola-de-ballena","tag-costa-rica","tag-kura-design-villas","tag-mar-y-sol","tag-parque-nacional-marino-ballena","tag-playa-evita","tag-punta-evita","tag-the-whales-tail","tag-uvita"],"acf":[],"yoast_head":"<!-- This site is optimized with the Yoast SEO plugin v27.4 - https:\/\/yoast.com\/product\/yoast-seo-wordpress\/ -->\n<title>The Whales Tail - Uvita, Costa RicaThe Whales Tail - Uvita, Costa Rica - Travel Blog<\/title>\n<meta name=\"robots\" content=\"index, follow, max-snippet:-1, max-image-preview:large, max-video-preview:-1\" \/>\n<link rel=\"canonical\" href=\"https:\/\/marcyyu.com\/es\/kura-design-villas-whales-tail-playa-uvita\/\" \/>\n<meta property=\"og:locale\" content=\"es_ES\" \/>\n<meta property=\"og:type\" content=\"article\" \/>\n<meta property=\"og:title\" content=\"The Whales Tail - Uvita, Costa RicaThe Whales Tail - Uvita, Costa Rica - Travel Blog\" \/>\n<meta property=\"og:description\" content=\"Hello viajeros!! Por fin ya es Viernes y hoy vengo estrenando un nuevo post Yay!! Despu\u00e9s de nuestra visita en el Golfo de Papagayo nuestra pr\u00f3xima visita fue el famoso parque \u201cThe Whales Tail\u201d en Playa Uvita. \u00a0The Whales tail es la famosa cola de ballena situada cerca de la costa a lo largo de [&hellip;]\" \/>\n<meta property=\"og:url\" content=\"https:\/\/marcyyu.com\/es\/kura-design-villas-whales-tail-playa-uvita\/\" \/>\n<meta property=\"og:site_name\" content=\"Travel Blog\" \/>\n<meta property=\"article:published_time\" content=\"2016-05-06T06:12:03+00:00\" \/>\n<meta property=\"article:modified_time\" content=\"2021-09-11T09:16:16+00:00\" \/>\n<meta property=\"og:image\" content=\"https:\/\/marcyyu.com\/wp-content\/uploads\/2016\/05\/MarcyYu_KuraDesignVillas_CostaRica13.jpg\" \/>\n\t<meta property=\"og:image:width\" content=\"1000\" \/>\n\t<meta property=\"og:image:height\" content=\"728\" \/>\n\t<meta property=\"og:image:type\" content=\"image\/jpeg\" \/>\n<meta name=\"author\" content=\"Marcy Yu\" \/>\n<meta name=\"twitter:card\" content=\"summary_large_image\" \/>\n<meta name=\"twitter:label1\" content=\"Escrito por\" \/>\n\t<meta name=\"twitter:data1\" content=\"Marcy Yu\" \/>\n\t<meta name=\"twitter:label2\" content=\"Tiempo de lectura\" \/>\n\t<meta name=\"twitter:data2\" content=\"9 minutos\" \/>\n<script type=\"application\/ld+json\" class=\"yoast-schema-graph\">{\"@context\":\"https:\\\/\\\/schema.org\",\"@graph\":[{\"@type\":\"Article\",\"@id\":\"https:\\\/\\\/marcyyu.com\\\/es\\\/kura-design-villas-whales-tail-playa-uvita\\\/#article\",\"isPartOf\":{\"@id\":\"https:\\\/\\\/marcyyu.com\\\/es\\\/kura-design-villas-whales-tail-playa-uvita\\\/\"},\"author\":{\"name\":\"Marcy Yu\",\"@id\":\"https:\\\/\\\/marcyyu.com\\\/es\\\/#\\\/schema\\\/person\\\/73576134814468023a2ede84d8c738f4\"},\"headline\":\"The Whales Tail &#8211; Uvita, Costa Rica\",\"datePublished\":\"2016-05-06T06:12:03+00:00\",\"dateModified\":\"2021-09-11T09:16:16+00:00\",\"mainEntityOfPage\":{\"@id\":\"https:\\\/\\\/marcyyu.com\\\/es\\\/kura-design-villas-whales-tail-playa-uvita\\\/\"},\"wordCount\":1806,\"commentCount\":3,\"image\":{\"@id\":\"https:\\\/\\\/marcyyu.com\\\/es\\\/kura-design-villas-whales-tail-playa-uvita\\\/#primaryimage\"},\"thumbnailUrl\":\"https:\\\/\\\/marcyyu.com\\\/wp-content\\\/uploads\\\/2016\\\/05\\\/MarcyYu_KuraDesignVillas_CostaRica13.jpg\",\"keywords\":[\"Cayuga Collection Hotels and Lodges\",\"Cola de Ballena\",\"COSTA RICA\",\"Kura Design Villas\",\"Mar y Sol\",\"Parque Nacional Marino Ballena\",\"Playa Evita\",\"Punta Evita\",\"The Whales Tail\",\"Uvita\"],\"articleSection\":[\"LOOKS\",\"Travel Diaries\"],\"inLanguage\":\"es\",\"potentialAction\":[{\"@type\":\"CommentAction\",\"name\":\"Comment\",\"target\":[\"https:\\\/\\\/marcyyu.com\\\/es\\\/kura-design-villas-whales-tail-playa-uvita\\\/#respond\"]}]},{\"@type\":\"WebPage\",\"@id\":\"https:\\\/\\\/marcyyu.com\\\/es\\\/kura-design-villas-whales-tail-playa-uvita\\\/\",\"url\":\"https:\\\/\\\/marcyyu.com\\\/es\\\/kura-design-villas-whales-tail-playa-uvita\\\/\",\"name\":\"The Whales Tail - Uvita, Costa RicaThe Whales Tail - Uvita, Costa Rica - Travel Blog\",\"isPartOf\":{\"@id\":\"https:\\\/\\\/marcyyu.com\\\/es\\\/#website\"},\"primaryImageOfPage\":{\"@id\":\"https:\\\/\\\/marcyyu.com\\\/es\\\/kura-design-villas-whales-tail-playa-uvita\\\/#primaryimage\"},\"image\":{\"@id\":\"https:\\\/\\\/marcyyu.com\\\/es\\\/kura-design-villas-whales-tail-playa-uvita\\\/#primaryimage\"},\"thumbnailUrl\":\"https:\\\/\\\/marcyyu.com\\\/wp-content\\\/uploads\\\/2016\\\/05\\\/MarcyYu_KuraDesignVillas_CostaRica13.jpg\",\"datePublished\":\"2016-05-06T06:12:03+00:00\",\"dateModified\":\"2021-09-11T09:16:16+00:00\",\"author\":{\"@id\":\"https:\\\/\\\/marcyyu.com\\\/es\\\/#\\\/schema\\\/person\\\/73576134814468023a2ede84d8c738f4\"},\"breadcrumb\":{\"@id\":\"https:\\\/\\\/marcyyu.com\\\/es\\\/kura-design-villas-whales-tail-playa-uvita\\\/#breadcrumb\"},\"inLanguage\":\"es\",\"potentialAction\":[{\"@type\":\"ReadAction\",\"target\":[\"https:\\\/\\\/marcyyu.com\\\/es\\\/kura-design-villas-whales-tail-playa-uvita\\\/\"]}]},{\"@type\":\"ImageObject\",\"inLanguage\":\"es\",\"@id\":\"https:\\\/\\\/marcyyu.com\\\/es\\\/kura-design-villas-whales-tail-playa-uvita\\\/#primaryimage\",\"url\":\"https:\\\/\\\/marcyyu.com\\\/wp-content\\\/uploads\\\/2016\\\/05\\\/MarcyYu_KuraDesignVillas_CostaRica13.jpg\",\"contentUrl\":\"https:\\\/\\\/marcyyu.com\\\/wp-content\\\/uploads\\\/2016\\\/05\\\/MarcyYu_KuraDesignVillas_CostaRica13.jpg\",\"width\":1000,\"height\":728},{\"@type\":\"BreadcrumbList\",\"@id\":\"https:\\\/\\\/marcyyu.com\\\/es\\\/kura-design-villas-whales-tail-playa-uvita\\\/#breadcrumb\",\"itemListElement\":[{\"@type\":\"ListItem\",\"position\":1,\"name\":\"Portada\",\"item\":\"https:\\\/\\\/marcyyu.com\\\/es\\\/\"},{\"@type\":\"ListItem\",\"position\":2,\"name\":\"The Whales Tail &#8211; Uvita, Costa Rica\"}]},{\"@type\":\"WebSite\",\"@id\":\"https:\\\/\\\/marcyyu.com\\\/es\\\/#website\",\"url\":\"https:\\\/\\\/marcyyu.com\\\/es\\\/\",\"name\":\"Travel Blog\",\"description\":\"Lifestyle and travel blog featuring travel tips, fashion, beauty and photography by Marcy Yu while she discovers the colors around the world.\",\"potentialAction\":[{\"@type\":\"SearchAction\",\"target\":{\"@type\":\"EntryPoint\",\"urlTemplate\":\"https:\\\/\\\/marcyyu.com\\\/es\\\/?s={search_term_string}\"},\"query-input\":{\"@type\":\"PropertyValueSpecification\",\"valueRequired\":true,\"valueName\":\"search_term_string\"}}],\"inLanguage\":\"es\"},{\"@type\":\"Person\",\"@id\":\"https:\\\/\\\/marcyyu.com\\\/es\\\/#\\\/schema\\\/person\\\/73576134814468023a2ede84d8c738f4\",\"name\":\"Marcy Yu\",\"image\":{\"@type\":\"ImageObject\",\"inLanguage\":\"es\",\"@id\":\"https:\\\/\\\/secure.gravatar.com\\\/avatar\\\/b255ced4725e7c71f4a9c166213397cbadd309e4df054c241173659861a3bad2?s=96&d=mm&r=g\",\"url\":\"https:\\\/\\\/secure.gravatar.com\\\/avatar\\\/b255ced4725e7c71f4a9c166213397cbadd309e4df054c241173659861a3bad2?s=96&d=mm&r=g\",\"contentUrl\":\"https:\\\/\\\/secure.gravatar.com\\\/avatar\\\/b255ced4725e7c71f4a9c166213397cbadd309e4df054c241173659861a3bad2?s=96&d=mm&r=g\",\"caption\":\"Marcy Yu\"},\"sameAs\":[\"http:\\\/\\\/marcyyu.com\"],\"url\":\"https:\\\/\\\/marcyyu.com\\\/es\\\/author\\\/marcyyu\\\/\"}]}<\/script>\n<!-- \/ Yoast SEO plugin. -->","yoast_head_json":{"title":"The Whales Tail - Uvita, Costa RicaThe Whales Tail - Uvita, Costa Rica - Travel Blog","robots":{"index":"index","follow":"follow","max-snippet":"max-snippet:-1","max-image-preview":"max-image-preview:large","max-video-preview":"max-video-preview:-1"},"canonical":"https:\/\/marcyyu.com\/es\/kura-design-villas-whales-tail-playa-uvita\/","og_locale":"es_ES","og_type":"article","og_title":"The Whales Tail - Uvita, Costa RicaThe Whales Tail - Uvita, Costa Rica - Travel Blog","og_description":"Hello viajeros!! Por fin ya es Viernes y hoy vengo estrenando un nuevo post Yay!! Despu\u00e9s de nuestra visita en el Golfo de Papagayo nuestra pr\u00f3xima visita fue el famoso parque \u201cThe Whales Tail\u201d en Playa Uvita. \u00a0The Whales tail es la famosa cola de ballena situada cerca de la costa a lo largo de [&hellip;]","og_url":"https:\/\/marcyyu.com\/es\/kura-design-villas-whales-tail-playa-uvita\/","og_site_name":"Travel Blog","article_published_time":"2016-05-06T06:12:03+00:00","article_modified_time":"2021-09-11T09:16:16+00:00","og_image":[{"width":1000,"height":728,"url":"https:\/\/marcyyu.com\/wp-content\/uploads\/2016\/05\/MarcyYu_KuraDesignVillas_CostaRica13.jpg","type":"image\/jpeg"}],"author":"Marcy Yu","twitter_card":"summary_large_image","twitter_misc":{"Escrito por":"Marcy Yu","Tiempo de lectura":"9 minutos"},"schema":{"@context":"https:\/\/schema.org","@graph":[{"@type":"Article","@id":"https:\/\/marcyyu.com\/es\/kura-design-villas-whales-tail-playa-uvita\/#article","isPartOf":{"@id":"https:\/\/marcyyu.com\/es\/kura-design-villas-whales-tail-playa-uvita\/"},"author":{"name":"Marcy Yu","@id":"https:\/\/marcyyu.com\/es\/#\/schema\/person\/73576134814468023a2ede84d8c738f4"},"headline":"The Whales Tail &#8211; Uvita, Costa Rica","datePublished":"2016-05-06T06:12:03+00:00","dateModified":"2021-09-11T09:16:16+00:00","mainEntityOfPage":{"@id":"https:\/\/marcyyu.com\/es\/kura-design-villas-whales-tail-playa-uvita\/"},"wordCount":1806,"commentCount":3,"image":{"@id":"https:\/\/marcyyu.com\/es\/kura-design-villas-whales-tail-playa-uvita\/#primaryimage"},"thumbnailUrl":"https:\/\/marcyyu.com\/wp-content\/uploads\/2016\/05\/MarcyYu_KuraDesignVillas_CostaRica13.jpg","keywords":["Cayuga Collection Hotels and Lodges","Cola de Ballena","COSTA RICA","Kura Design Villas","Mar y Sol","Parque Nacional Marino Ballena","Playa Evita","Punta Evita","The Whales Tail","Uvita"],"articleSection":["LOOKS","Travel Diaries"],"inLanguage":"es","potentialAction":[{"@type":"CommentAction","name":"Comment","target":["https:\/\/marcyyu.com\/es\/kura-design-villas-whales-tail-playa-uvita\/#respond"]}]},{"@type":"WebPage","@id":"https:\/\/marcyyu.com\/es\/kura-design-villas-whales-tail-playa-uvita\/","url":"https:\/\/marcyyu.com\/es\/kura-design-villas-whales-tail-playa-uvita\/","name":"The Whales Tail - Uvita, Costa RicaThe Whales Tail - Uvita, Costa Rica - Travel Blog","isPartOf":{"@id":"https:\/\/marcyyu.com\/es\/#website"},"primaryImageOfPage":{"@id":"https:\/\/marcyyu.com\/es\/kura-design-villas-whales-tail-playa-uvita\/#primaryimage"},"image":{"@id":"https:\/\/marcyyu.com\/es\/kura-design-villas-whales-tail-playa-uvita\/#primaryimage"},"thumbnailUrl":"https:\/\/marcyyu.com\/wp-content\/uploads\/2016\/05\/MarcyYu_KuraDesignVillas_CostaRica13.jpg","datePublished":"2016-05-06T06:12:03+00:00","dateModified":"2021-09-11T09:16:16+00:00","author":{"@id":"https:\/\/marcyyu.com\/es\/#\/schema\/person\/73576134814468023a2ede84d8c738f4"},"breadcrumb":{"@id":"https:\/\/marcyyu.com\/es\/kura-design-villas-whales-tail-playa-uvita\/#breadcrumb"},"inLanguage":"es","potentialAction":[{"@type":"ReadAction","target":["https:\/\/marcyyu.com\/es\/kura-design-villas-whales-tail-playa-uvita\/"]}]},{"@type":"ImageObject","inLanguage":"es","@id":"https:\/\/marcyyu.com\/es\/kura-design-villas-whales-tail-playa-uvita\/#primaryimage","url":"https:\/\/marcyyu.com\/wp-content\/uploads\/2016\/05\/MarcyYu_KuraDesignVillas_CostaRica13.jpg","contentUrl":"https:\/\/marcyyu.com\/wp-content\/uploads\/2016\/05\/MarcyYu_KuraDesignVillas_CostaRica13.jpg","width":1000,"height":728},{"@type":"BreadcrumbList","@id":"https:\/\/marcyyu.com\/es\/kura-design-villas-whales-tail-playa-uvita\/#breadcrumb","itemListElement":[{"@type":"ListItem","position":1,"name":"Portada","item":"https:\/\/marcyyu.com\/es\/"},{"@type":"ListItem","position":2,"name":"The Whales Tail &#8211; Uvita, Costa Rica"}]},{"@type":"WebSite","@id":"https:\/\/marcyyu.com\/es\/#website","url":"https:\/\/marcyyu.com\/es\/","name":"Travel Blog","description":"Lifestyle and travel blog featuring travel tips, fashion, beauty and photography by Marcy Yu while she discovers the colors around the world.","potentialAction":[{"@type":"SearchAction","target":{"@type":"EntryPoint","urlTemplate":"https:\/\/marcyyu.com\/es\/?s={search_term_string}"},"query-input":{"@type":"PropertyValueSpecification","valueRequired":true,"valueName":"search_term_string"}}],"inLanguage":"es"},{"@type":"Person","@id":"https:\/\/marcyyu.com\/es\/#\/schema\/person\/73576134814468023a2ede84d8c738f4","name":"Marcy Yu","image":{"@type":"ImageObject","inLanguage":"es","@id":"https:\/\/secure.gravatar.com\/avatar\/b255ced4725e7c71f4a9c166213397cbadd309e4df054c241173659861a3bad2?s=96&d=mm&r=g","url":"https:\/\/secure.gravatar.com\/avatar\/b255ced4725e7c71f4a9c166213397cbadd309e4df054c241173659861a3bad2?s=96&d=mm&r=g","contentUrl":"https:\/\/secure.gravatar.com\/avatar\/b255ced4725e7c71f4a9c166213397cbadd309e4df054c241173659861a3bad2?s=96&d=mm&r=g","caption":"Marcy Yu"},"sameAs":["http:\/\/marcyyu.com"],"url":"https:\/\/marcyyu.com\/es\/author\/marcyyu\/"}]}},"_links":{"self":[{"href":"https:\/\/marcyyu.com\/es\/wp-json\/wp\/v2\/posts\/2365","targetHints":{"allow":["GET"]}}],"collection":[{"href":"https:\/\/marcyyu.com\/es\/wp-json\/wp\/v2\/posts"}],"about":[{"href":"https:\/\/marcyyu.com\/es\/wp-json\/wp\/v2\/types\/post"}],"author":[{"embeddable":true,"href":"https:\/\/marcyyu.com\/es\/wp-json\/wp\/v2\/users\/1"}],"replies":[{"embeddable":true,"href":"https:\/\/marcyyu.com\/es\/wp-json\/wp\/v2\/comments?post=2365"}],"version-history":[{"count":1,"href":"https:\/\/marcyyu.com\/es\/wp-json\/wp\/v2\/posts\/2365\/revisions"}],"predecessor-version":[{"id":6282,"href":"https:\/\/marcyyu.com\/es\/wp-json\/wp\/v2\/posts\/2365\/revisions\/6282"}],"wp:featuredmedia":[{"embeddable":true,"href":"https:\/\/marcyyu.com\/es\/wp-json\/wp\/v2\/media\/2335"}],"wp:attachment":[{"href":"https:\/\/marcyyu.com\/es\/wp-json\/wp\/v2\/media?parent=2365"}],"wp:term":[{"taxonomy":"category","embeddable":true,"href":"https:\/\/marcyyu.com\/es\/wp-json\/wp\/v2\/categories?post=2365"},{"taxonomy":"post_tag","embeddable":true,"href":"https:\/\/marcyyu.com\/es\/wp-json\/wp\/v2\/tags?post=2365"}],"curies":[{"name":"wp","href":"https:\/\/api.w.org\/{rel}","templated":true}]}}